{"id":42086,"date":"2024-04-23T08:57:12","date_gmt":"2024-04-23T13:57:12","guid":{"rendered":"https:\/\/www.hampstead.qc.ca\/?p=42086"},"modified":"2024-04-23T08:57:12","modified_gmt":"2024-04-23T13:57:12","slug":"annonce-du-nouveau-directeur-general","status":"publish","type":"post","link":"https:\/\/www.hampstead.qc.ca\/fr\/annonce-du-nouveau-directeur-general\/","title":{"rendered":"Annonce du nouveau directeur g\u00e9n\u00e9ral"},"content":{"rendered":"<p style=\"margin: 0in; font-family: Georgia; font-size: 11.0pt; color: #0d0d0d;\"><span style=\"background: white; font-size: 1.6rem; font-family: georgia, palatino, serif;\">La Ville de Hampstead a le plaisir d&rsquo;annoncer officiellement la nomination de M. Jose Ramon Nunez au poste de directeur g\u00e9n\u00e9ral. Son entr\u00e9e en fonction est le 1er Mai.<\/span><\/p>\n<p style=\"margin: 0in; font-family: Georgia; font-size: 11.0pt; color: #0d0d0d;\"><span style=\"background: white; font-size: 1.6rem; font-family: georgia, palatino, serif;\">Nous sommes honor\u00e9s d&rsquo;accueillir M. Nunez dont le parcours en tant que gestionnaire, directeur financier et planificateur strat\u00e9gique t\u00e9moigne d&rsquo;un savoir et leadership exceptionnel. Ayant brillamment relev\u00e9 plusieurs d\u00e9fis professionnels militaires dans des environnements complexes, nous sommes convaincus qu&rsquo;il abordera ses nouvelles responsabilit\u00e9s avec la m\u00eame d\u00e9votion et expertise qui ont marqu\u00e9 sa carri\u00e8re distingu\u00e9e.\u00a0Nous vous invitons \u00e0 vous joindre \u00e0 nous pour souhaiter chaleureusement la bienvenue \u00e0 M. Nunez, qui devient ainsi un membre essentiel de notre prestigieuse \u00e9quipe administrative.<\/span><\/p>\n","protected":false},"excerpt":{"rendered":"<p>La Ville de Hampstead a le plaisir d&rsquo;annoncer officiellement la nomination de M. Jose Ramon Nunez au poste de directeur g\u00e9n\u00e9ral. Son entr\u00e9e en fonction est le 1er Mai. Nous sommes honor\u00e9s d&rsquo;accueillir M. Nunez dont le parcours en tant que gestionnaire, directeur financier et planificateur strat\u00e9gique t\u00e9moigne d&rsquo;un savoir et leadership exceptionnel. Ayant brillamment relev\u00e9 plusieurs d\u00e9fis professionnels militaires dans des environnements complexes, nous sommes convaincus qu&rsquo;il abordera ses nouvelles responsabilit\u00e9s avec la m\u00eame d\u00e9votion et expertise qui ont marqu\u00e9 sa carri\u00e8re distingu\u00e9e.\u00a0Nous vous invitons \u00e0 vous joindre \u00e0 nous pour souhaiter chaleureusement la bienvenue \u00e0 M. Nunez, qui<\/p>\n","protected":false},"author":11,"featured_media":0,"comment_status":"closed","ping_status":"closed","sticky":false,"template":"","format":"standard","meta":{"_acf_changed":false,"wds_primary_category":0,"footnotes":""},"categories":[1],"tags":[],"class_list":["post-42086","post","type-post","status-publish","format-standard","hentry","category-non-classifiee"],"acf":[],"_links":{"self":[{"href":"https:\/\/www.hampstead.qc.ca\/fr\/wp-json\/wp\/v2\/posts\/42086","targetHints":{"allow":["GET"]}}],"collection":[{"href":"https:\/\/www.hampstead.qc.ca\/fr\/wp-json\/wp\/v2\/posts"}],"about":[{"href":"https:\/\/www.hampstead.qc.ca\/fr\/wp-json\/wp\/v2\/types\/post"}],"author":[{"embeddable":true,"href":"https:\/\/www.hampstead.qc.ca\/fr\/wp-json\/wp\/v2\/users\/11"}],"replies":[{"embeddable":true,"href":"https:\/\/www.hampstead.qc.ca\/fr\/wp-json\/wp\/v2\/comments?post=42086"}],"version-history":[{"count":0,"href":"https:\/\/www.hampstead.qc.ca\/fr\/wp-json\/wp\/v2\/posts\/42086\/revisions"}],"wp:attachment":[{"href":"https:\/\/www.hampstead.qc.ca\/fr\/wp-json\/wp\/v2\/media?parent=42086"}],"wp:term":[{"taxonomy":"category","embeddable":true,"href":"https:\/\/www.hampstead.qc.ca\/fr\/wp-json\/wp\/v2\/categories?post=42086"},{"taxonomy":"post_tag","embeddable":true,"href":"https:\/\/www.hampstead.qc.ca\/fr\/wp-json\/wp\/v2\/tags?post=42086"}],"curies":[{"name":"wp","href":"https:\/\/api.w.org\/{rel}","templated":true}]}}