{"id":49314,"date":"2024-12-23T10:50:44","date_gmt":"2024-12-23T15:50:44","guid":{"rendered":"https:\/\/www.hampstead.qc.ca\/?p=49314"},"modified":"2024-12-23T10:50:44","modified_gmt":"2024-12-23T15:50:44","slug":"joyeuses-fetes","status":"publish","type":"post","link":"https:\/\/www.hampstead.qc.ca\/fr\/joyeuses-fetes\/","title":{"rendered":"Joyeuses f\u00eates!"},"content":{"rendered":"<p style=\"margin: 0in; font-family: Georgia; font-size: 11.0pt;\"><span style=\"font-family: georgia, palatino, serif; font-size: 1.6rem;\">La p\u00e9riode des F\u00eates est un moment de c\u00e9l\u00e9bration et de partage qui rassemble les c\u0153urs. Quelle que soit la tradition que vous ch\u00e9rissez, nous vous souhaitons des F\u00eates remplies de joie, de chaleur et de bonheur.<\/span><\/p>\n<p style=\"margin: 0in; font-family: Georgia; font-size: 11.0pt;\">\n<p style=\"margin: 0in; font-family: Georgia; font-size: 11.0pt;\"><span style=\"font-family: georgia, palatino, serif; font-size: 1.6rem;\">Dans le cadre des traditions qui unissent notre communaut\u00e9, nous sommes fiers de partager un souvenir pr\u00e9cieux : une photo de l\u2019H\u00f4tel de Ville, il y a 40 ans, d\u00e9cor\u00e9 d\u2019une m\u00e9norah pour c\u00e9l\u00e9brer la F\u00eate des Lumi\u00e8res avec la communaut\u00e9. Cette belle tradition nous rappelle l\u2019importance de la lumi\u00e8re et de l\u2019unit\u00e9 qui brillent en chacun de nous en cette p\u00e9riode sp\u00e9ciale de l\u2019ann\u00e9e.<\/span><\/p>\n<p><img fetchpriority=\"high\" decoding=\"async\" class=\"alignnone wp-image-49315 size-full\" src=\"https:\/\/b2671802.smushcdn.com\/2671802\/wp-content\/uploads\/2024\/12\/March-9th-1984.jpg?lossy=1&strip=1&webp=1\" alt=\"\" width=\"999\" height=\"703\" srcset=\"https:\/\/b2671802.smushcdn.com\/2671802\/wp-content\/uploads\/2024\/12\/March-9th-1984.jpg?lossy=1&strip=1&webp=1 999w, https:\/\/b2671802.smushcdn.com\/2671802\/wp-content\/uploads\/2024\/12\/March-9th-1984-300x211.jpg?lossy=1&strip=1&webp=1 300w, https:\/\/b2671802.smushcdn.com\/2671802\/wp-content\/uploads\/2024\/12\/March-9th-1984-768x540.jpg?lossy=1&strip=1&webp=1 768w\" sizes=\"(max-width: 999px) 100vw, 999px\" \/><\/p>\n<p style=\"margin: 0in; font-family: Georgia; font-size: 11.0pt;\">\n<p style=\"margin: 0in; font-family: Georgia; font-size: 11.0pt;\"><span style=\"font-family: georgia, palatino, serif; font-size: 1.6rem;\">De la part de toute l\u2019\u00e9quipe de la Ville, nous vous souhaitons de joyeuses F\u00eates et une nouvelle ann\u00e9e lumineuse et remplie de bonheur.<\/span><\/p>\n","protected":false},"excerpt":{"rendered":"<p>La p\u00e9riode des F\u00eates est un moment de c\u00e9l\u00e9bration et de partage qui rassemble les c\u0153urs. Quelle que soit la tradition que vous ch\u00e9rissez, nous vous souhaitons des F\u00eates remplies de joie, de chaleur et de bonheur. Dans le cadre des traditions qui unissent notre communaut\u00e9, nous sommes fiers de partager un souvenir pr\u00e9cieux : une photo de l\u2019H\u00f4tel de Ville, il y a 40 ans, d\u00e9cor\u00e9 d\u2019une m\u00e9norah pour c\u00e9l\u00e9brer la F\u00eate des Lumi\u00e8res avec la communaut\u00e9. Cette belle tradition nous rappelle l\u2019importance de la lumi\u00e8re et de l\u2019unit\u00e9 qui brillent en chacun de nous en cette p\u00e9riode sp\u00e9ciale<\/p>\n","protected":false},"author":11,"featured_media":0,"comment_status":"closed","ping_status":"closed","sticky":false,"template":"","format":"standard","meta":{"_acf_changed":false,"wds_primary_category":0,"footnotes":""},"categories":[1],"tags":[],"class_list":["post-49314","post","type-post","status-publish","format-standard","hentry","category-non-classifiee"],"acf":[],"_links":{"self":[{"href":"https:\/\/www.hampstead.qc.ca\/fr\/wp-json\/wp\/v2\/posts\/49314","targetHints":{"allow":["GET"]}}],"collection":[{"href":"https:\/\/www.hampstead.qc.ca\/fr\/wp-json\/wp\/v2\/posts"}],"about":[{"href":"https:\/\/www.hampstead.qc.ca\/fr\/wp-json\/wp\/v2\/types\/post"}],"author":[{"embeddable":true,"href":"https:\/\/www.hampstead.qc.ca\/fr\/wp-json\/wp\/v2\/users\/11"}],"replies":[{"embeddable":true,"href":"https:\/\/www.hampstead.qc.ca\/fr\/wp-json\/wp\/v2\/comments?post=49314"}],"version-history":[{"count":0,"href":"https:\/\/www.hampstead.qc.ca\/fr\/wp-json\/wp\/v2\/posts\/49314\/revisions"}],"wp:attachment":[{"href":"https:\/\/www.hampstead.qc.ca\/fr\/wp-json\/wp\/v2\/media?parent=49314"}],"wp:term":[{"taxonomy":"category","embeddable":true,"href":"https:\/\/www.hampstead.qc.ca\/fr\/wp-json\/wp\/v2\/categories?post=49314"},{"taxonomy":"post_tag","embeddable":true,"href":"https:\/\/www.hampstead.qc.ca\/fr\/wp-json\/wp\/v2\/tags?post=49314"}],"curies":[{"name":"wp","href":"https:\/\/api.w.org\/{rel}","templated":true}]}}