{"id":55289,"date":"2025-08-27T10:07:15","date_gmt":"2025-08-27T14:07:15","guid":{"rendered":"https:\/\/www.hampstead.qc.ca\/?p=55289"},"modified":"2025-08-27T10:07:15","modified_gmt":"2025-08-27T14:07:15","slug":"avis-important-arrestation-dun-suspect-en-lien-avec-les-incendies-criminels-a-lhotel-de-ville","status":"publish","type":"post","link":"https:\/\/www.hampstead.qc.ca\/fr\/avis-important-arrestation-dun-suspect-en-lien-avec-les-incendies-criminels-a-lhotel-de-ville\/","title":{"rendered":"AVIS IMPORTANT \u2013 Arrestation d\u2019un suspect en lien avec les incendies criminels \u00e0 l\u2019H\u00f4tel de Ville"},"content":{"rendered":"<p class=\"LexicalEditor-paragraph\" dir=\"ltr\"><span style=\"font-family: georgia, palatino, serif; font-size: 1.6rem;\">La Ville de Hampstead est fi\u00e8re d\u2019annoncer l\u2019arrestation d\u2019un suspect par le Service de police de la Ville de Montr\u00e9al (SPVM), gr\u00e2ce \u00e0 leur travail remarquable et \u00e0 la collaboration \u00e9troite avec notre \u00e9quipe de la S\u00e9curit\u00e9 publique. Nous saluons leur professionnalisme et leur engagement envers la s\u00e9curit\u00e9 de notre communaut\u00e9.<\/span><\/p>\n<p class=\"LexicalEditor-paragraph\" dir=\"ltr\"><span style=\"font-family: georgia, palatino, serif; font-size: 1.6rem;\">Le SPVM a proc\u00e9d\u00e9 \u00e0 l\u2019arrestation du suspect, hier, en lien avec les incendies criminels survenus devant l&rsquo;H\u00f4tel de Ville de Hampstead les 22 et 25 ao\u00fbt derniers.<\/span><\/p>\n<p class=\"LexicalEditor-paragraph\" dir=\"ltr\"><span style=\"font-family: georgia, palatino, serif; font-size: 1.6rem;\">Le suspect, un homme de 39 ans, a \u00e9t\u00e9 arr\u00eat\u00e9 dans l\u2019arrondissement de Villeray\u2013Saint-Michel\u2013Parc-Extension. Une perquisition a permis aux enqu\u00eateurs de saisir divers \u00e9l\u00e9ments de preuve.<\/span><\/p>\n<p class=\"LexicalEditor-paragraph\" dir=\"ltr\"><span style=\"font-family: georgia, palatino, serif; font-size: 1.6rem;\">Le suspect doit compara\u00eetre d\u00e9tenu au palais de justice de Montr\u00e9al, d\u2019ici la fin de la journ\u00e9e.<\/span><\/p>\n<p dir=\"ltr\"><a href=\"https:\/\/spvm.qc.ca\/fr\/Communiques\/Details\/16082\">Lire le communiqu\u00e9 de presse du SPVM.<\/a><\/p>\n","protected":false},"excerpt":{"rendered":"<p>La Ville de Hampstead est fi\u00e8re d\u2019annoncer l\u2019arrestation d\u2019un suspect par le Service de police de la Ville de Montr\u00e9al (SPVM), gr\u00e2ce \u00e0 leur travail remarquable et \u00e0 la collaboration \u00e9troite avec notre \u00e9quipe de la S\u00e9curit\u00e9 publique. Nous saluons leur professionnalisme et leur engagement envers la s\u00e9curit\u00e9 de notre communaut\u00e9. Le SPVM a proc\u00e9d\u00e9 \u00e0 l\u2019arrestation du suspect, hier, en lien avec les incendies criminels survenus devant l&rsquo;H\u00f4tel de Ville de Hampstead les 22 et 25 ao\u00fbt derniers. Le suspect, un homme de 39 ans, a \u00e9t\u00e9 arr\u00eat\u00e9 dans l\u2019arrondissement de Villeray\u2013Saint-Michel\u2013Parc-Extension. Une perquisition a permis aux enqu\u00eateurs de<\/p>\n","protected":false},"author":11,"featured_media":0,"comment_status":"closed","ping_status":"closed","sticky":false,"template":"","format":"standard","meta":{"_acf_changed":false,"wds_primary_category":0,"footnotes":""},"categories":[1],"tags":[],"class_list":["post-55289","post","type-post","status-publish","format-standard","hentry","category-non-classifiee"],"acf":[],"_links":{"self":[{"href":"https:\/\/www.hampstead.qc.ca\/fr\/wp-json\/wp\/v2\/posts\/55289","targetHints":{"allow":["GET"]}}],"collection":[{"href":"https:\/\/www.hampstead.qc.ca\/fr\/wp-json\/wp\/v2\/posts"}],"about":[{"href":"https:\/\/www.hampstead.qc.ca\/fr\/wp-json\/wp\/v2\/types\/post"}],"author":[{"embeddable":true,"href":"https:\/\/www.hampstead.qc.ca\/fr\/wp-json\/wp\/v2\/users\/11"}],"replies":[{"embeddable":true,"href":"https:\/\/www.hampstead.qc.ca\/fr\/wp-json\/wp\/v2\/comments?post=55289"}],"version-history":[{"count":0,"href":"https:\/\/www.hampstead.qc.ca\/fr\/wp-json\/wp\/v2\/posts\/55289\/revisions"}],"wp:attachment":[{"href":"https:\/\/www.hampstead.qc.ca\/fr\/wp-json\/wp\/v2\/media?parent=55289"}],"wp:term":[{"taxonomy":"category","embeddable":true,"href":"https:\/\/www.hampstead.qc.ca\/fr\/wp-json\/wp\/v2\/categories?post=55289"},{"taxonomy":"post_tag","embeddable":true,"href":"https:\/\/www.hampstead.qc.ca\/fr\/wp-json\/wp\/v2\/tags?post=55289"}],"curies":[{"name":"wp","href":"https:\/\/api.w.org\/{rel}","templated":true}]}}